{"id":4480,"date":"2023-09-14T12:31:25","date_gmt":"2023-09-14T18:31:25","guid":{"rendered":"https:\/\/maristasguaynabo.org\/home\/?p=4480"},"modified":"2023-09-14T12:44:44","modified_gmt":"2023-09-14T18:44:44","slug":"solemnidad-de-la-asuncion-de-maria-2","status":"publish","type":"post","link":"https:\/\/maristasguaynabo.org\/home\/solemnidad-de-la-asuncion-de-maria-2\/","title":{"rendered":"Eucarist\u00eda de Inicio de Curso"},"content":{"rendered":"\t\t<div data-elementor-type=\"wp-post\" data-elementor-id=\"4480\" class=\"elementor elementor-4480\" data-elementor-post-type=\"post\">\n\t\t\t\t\t\t<section class=\"elementor-section elementor-top-section elementor-element elementor-element-5bedd9b4 elementor-section-boxed elementor-section-height-default elementor-section-height-default\" data-id=\"5bedd9b4\" data-element_type=\"section\" data-e-type=\"section\">\n\t\t\t\t\t\t<div class=\"elementor-container elementor-column-gap-default\">\n\t\t\t\t\t<div class=\"elementor-column elementor-col-100 elementor-top-column elementor-element elementor-element-33c4608e\" data-id=\"33c4608e\" data-element_type=\"column\" data-e-type=\"column\">\n\t\t\t<div class=\"elementor-widget-wrap elementor-element-populated\">\n\t\t\t\t\t\t<div class=\"elementor-element elementor-element-261f099b elementor-widget elementor-widget-text-editor\" data-id=\"261f099b\" data-element_type=\"widget\" data-e-type=\"widget\" data-widget_type=\"text-editor.default\">\n\t\t\t\t<div class=\"elementor-widget-container\">\n\t\t\t\t\t\t\t\t\t<h1><strong>Eucarist\u00eda de Inicio de Curso<\/strong><\/h1><p><strong>Por: Janhir Rivera Morales<\/strong><\/p><p>El pasado mi\u00e9rcoles 6 de septiembre de 2023 se llev\u00f3 a cabo la Eucarist\u00eda de Inicio de Curso, en acci\u00f3n de gracias por los casi 60 a\u00f1os de presencia Marista en Puerto Rico, por los 100 a\u00f1os de presencia de la Provincia de Am\u00e9rica Central y en acci\u00f3n de gracias por el aniversario n\u00famero 35 de vida religiosa de nuestro presidente, el Hermano Carlos R. V\u00e9lez Cacho.<\/p><p>En la misa estuvieron presentes los directivos de los colegios Maristas de Puerto Rico, Guaynabo y Manat\u00ed, los hermanos Maristas de Puerto Rico, la Junta de Padres, nuestra facultad y estudiantado. De igual manera la Clase 2024 desfil\u00f3 con sus hermanos menores de K\u00ednder. Como invitados sorpresa durante la misa, tambi\u00e9n estuvieron presentes la familia del Hermano Carlos, sus padres y hermana, as\u00ed como su t\u00eda.<\/p><p>En el ofertorio, se entregaron las im\u00e1genes de Champagnat y nuestra Patrona, as\u00ed como la camisa Senior, un bal\u00f3n de baloncesto, la cruz de Hermano Marista y los estatutos, el cartel y el lema del a\u00f1o encomendando a toda nuestra comunidad. El coro de facultad liderado por el profesor Vega estuvo a cargo de la selecci\u00f3n de m\u00fasica para la misa. Al finalizar la misa y en presencia de toda la familia Marista, en un momento sumamente especial, el Padre Felipe junto al Di\u00e1cono Juan Jos\u00e9, impartieron la bendici\u00f3n al Hermano junto a su familia.<\/p><p>Muchas felicidades Hermano Carlos que Dios y nuestra Buena Madre le acompa\u00f1en siempre en su camino de ser hermano Marista por siempre.<\/p>\t\t\t\t\t\t\t\t<\/div>\n\t\t\t\t<\/div>\n\t\t\t\t\t<\/div>\n\t\t<\/div>\n\t\t\t\t\t<\/div>\n\t\t<\/section>\n\t\t\t\t<section class=\"elementor-section elementor-top-section elementor-element elementor-element-12ba270 elementor-section-boxed elementor-section-height-default elementor-section-height-default\" data-id=\"12ba270\" data-element_type=\"section\" data-e-type=\"section\">\n\t\t\t\t\t\t<div class=\"elementor-container elementor-column-gap-default\">\n\t\t\t\t\t<div class=\"elementor-column elementor-col-100 elementor-top-column elementor-element elementor-element-edf9d05\" data-id=\"edf9d05\" data-element_type=\"column\" data-e-type=\"column\">\n\t\t\t<div class=\"elementor-widget-wrap elementor-element-populated\">\n\t\t\t\t\t\t<div class=\"elementor-element elementor-element-b47cf98 elementor-widget elementor-widget-image\" data-id=\"b47cf98\" data-element_type=\"widget\" data-e-type=\"widget\" data-widget_type=\"image.default\">\n\t\t\t\t<div class=\"elementor-widget-container\">\n\t\t\t\t\t\t\t\t\t\t\t\t\t\t\t<img fetchpriority=\"high\" decoding=\"async\" width=\"800\" height=\"534\" src=\"https:\/\/maristasguaynabo.org\/home\/wp-content\/uploads\/2023\/09\/WhatsApp-Image-2023-09-06-at-10.23.02-AM-4.jpeg\" class=\"attachment-large size-large wp-image-4483\" alt=\"\" srcset=\"https:\/\/maristasguaynabo.org\/home\/wp-content\/uploads\/2023\/09\/WhatsApp-Image-2023-09-06-at-10.23.02-AM-4.jpeg 1024w, https:\/\/maristasguaynabo.org\/home\/wp-content\/uploads\/2023\/09\/WhatsApp-Image-2023-09-06-at-10.23.02-AM-4-300x200.jpeg 300w, https:\/\/maristasguaynabo.org\/home\/wp-content\/uploads\/2023\/09\/WhatsApp-Image-2023-09-06-at-10.23.02-AM-4-768x512.jpeg 768w, https:\/\/maristasguaynabo.org\/home\/wp-content\/uploads\/2023\/09\/WhatsApp-Image-2023-09-06-at-10.23.02-AM-4-391x260.jpeg 391w\" sizes=\"(max-width: 800px) 100vw, 800px\" \/>\t\t\t\t\t\t\t\t\t\t\t\t\t\t\t<\/div>\n\t\t\t\t<\/div>\n\t\t\t\t\t<\/div>\n\t\t<\/div>\n\t\t\t\t\t<\/div>\n\t\t<\/section>\n\t\t\t\t<section class=\"elementor-section elementor-top-section elementor-element elementor-element-75e5fca elementor-section-boxed elementor-section-height-default elementor-section-height-default\" data-id=\"75e5fca\" data-element_type=\"section\" data-e-type=\"section\">\n\t\t\t\t\t\t<div class=\"elementor-container elementor-column-gap-default\">\n\t\t\t\t\t<div class=\"elementor-column elementor-col-100 elementor-top-column elementor-element elementor-element-8d0923e\" data-id=\"8d0923e\" data-element_type=\"column\" data-e-type=\"column\">\n\t\t\t<div class=\"elementor-widget-wrap elementor-element-populated\">\n\t\t\t\t\t\t<div class=\"elementor-element elementor-element-4766cfa elementor-widget elementor-widget-image\" data-id=\"4766cfa\" data-element_type=\"widget\" data-e-type=\"widget\" data-widget_type=\"image.default\">\n\t\t\t\t<div class=\"elementor-widget-container\">\n\t\t\t\t\t\t\t\t\t\t\t\t\t\t\t<img decoding=\"async\" width=\"800\" height=\"534\" src=\"https:\/\/maristasguaynabo.org\/home\/wp-content\/uploads\/2023\/09\/WhatsApp-Image-2023-09-06-at-11.45.24-AM-8.jpeg\" class=\"attachment-large size-large wp-image-4489\" alt=\"\" srcset=\"https:\/\/maristasguaynabo.org\/home\/wp-content\/uploads\/2023\/09\/WhatsApp-Image-2023-09-06-at-11.45.24-AM-8.jpeg 1024w, https:\/\/maristasguaynabo.org\/home\/wp-content\/uploads\/2023\/09\/WhatsApp-Image-2023-09-06-at-11.45.24-AM-8-300x200.jpeg 300w, https:\/\/maristasguaynabo.org\/home\/wp-content\/uploads\/2023\/09\/WhatsApp-Image-2023-09-06-at-11.45.24-AM-8-768x512.jpeg 768w, https:\/\/maristasguaynabo.org\/home\/wp-content\/uploads\/2023\/09\/WhatsApp-Image-2023-09-06-at-11.45.24-AM-8-391x260.jpeg 391w\" sizes=\"(max-width: 800px) 100vw, 800px\" \/>\t\t\t\t\t\t\t\t\t\t\t\t\t\t\t<\/div>\n\t\t\t\t<\/div>\n\t\t\t\t\t<\/div>\n\t\t<\/div>\n\t\t\t\t\t<\/div>\n\t\t<\/section>\n\t\t\t\t<section class=\"elementor-section elementor-top-section elementor-element elementor-element-ed56f71 elementor-section-boxed elementor-section-height-default elementor-section-height-default\" data-id=\"ed56f71\" data-element_type=\"section\" data-e-type=\"section\">\n\t\t\t\t\t\t<div class=\"elementor-container elementor-column-gap-default\">\n\t\t\t\t\t<div class=\"elementor-column elementor-col-50 elementor-top-column elementor-element elementor-element-c57901e\" data-id=\"c57901e\" data-element_type=\"column\" data-e-type=\"column\">\n\t\t\t<div class=\"elementor-widget-wrap elementor-element-populated\">\n\t\t\t\t\t\t<div class=\"elementor-element elementor-element-a7bd57d elementor-widget elementor-widget-image\" data-id=\"a7bd57d\" data-element_type=\"widget\" data-e-type=\"widget\" data-widget_type=\"image.default\">\n\t\t\t\t<div class=\"elementor-widget-container\">\n\t\t\t\t\t\t\t\t\t\t\t\t\t\t\t<img decoding=\"async\" width=\"800\" height=\"534\" src=\"https:\/\/maristasguaynabo.org\/home\/wp-content\/uploads\/2023\/09\/WhatsApp-Image-2023-09-06-at-10.59.38-AM-1.jpeg\" class=\"attachment-large size-large wp-image-4492\" alt=\"\" srcset=\"https:\/\/maristasguaynabo.org\/home\/wp-content\/uploads\/2023\/09\/WhatsApp-Image-2023-09-06-at-10.59.38-AM-1.jpeg 1024w, https:\/\/maristasguaynabo.org\/home\/wp-content\/uploads\/2023\/09\/WhatsApp-Image-2023-09-06-at-10.59.38-AM-1-300x200.jpeg 300w, https:\/\/maristasguaynabo.org\/home\/wp-content\/uploads\/2023\/09\/WhatsApp-Image-2023-09-06-at-10.59.38-AM-1-768x512.jpeg 768w, https:\/\/maristasguaynabo.org\/home\/wp-content\/uploads\/2023\/09\/WhatsApp-Image-2023-09-06-at-10.59.38-AM-1-391x260.jpeg 391w\" sizes=\"(max-width: 800px) 100vw, 800px\" \/>\t\t\t\t\t\t\t\t\t\t\t\t\t\t\t<\/div>\n\t\t\t\t<\/div>\n\t\t\t\t<div class=\"elementor-element elementor-element-caf9268 elementor-widget elementor-widget-image\" data-id=\"caf9268\" data-element_type=\"widget\" data-e-type=\"widget\" data-widget_type=\"image.default\">\n\t\t\t\t<div class=\"elementor-widget-container\">\n\t\t\t\t\t\t\t\t\t\t\t\t\t\t\t<img loading=\"lazy\" decoding=\"async\" width=\"800\" height=\"534\" src=\"https:\/\/maristasguaynabo.org\/home\/wp-content\/uploads\/2023\/09\/WhatsApp-Image-2023-09-06-at-11.00.10-AM-5.jpeg\" class=\"attachment-large size-large wp-image-4493\" alt=\"\" srcset=\"https:\/\/maristasguaynabo.org\/home\/wp-content\/uploads\/2023\/09\/WhatsApp-Image-2023-09-06-at-11.00.10-AM-5.jpeg 1024w, https:\/\/maristasguaynabo.org\/home\/wp-content\/uploads\/2023\/09\/WhatsApp-Image-2023-09-06-at-11.00.10-AM-5-300x200.jpeg 300w, https:\/\/maristasguaynabo.org\/home\/wp-content\/uploads\/2023\/09\/WhatsApp-Image-2023-09-06-at-11.00.10-AM-5-768x512.jpeg 768w, https:\/\/maristasguaynabo.org\/home\/wp-content\/uploads\/2023\/09\/WhatsApp-Image-2023-09-06-at-11.00.10-AM-5-391x260.jpeg 391w\" sizes=\"(max-width: 800px) 100vw, 800px\" \/>\t\t\t\t\t\t\t\t\t\t\t\t\t\t\t<\/div>\n\t\t\t\t<\/div>\n\t\t\t\t\t<\/div>\n\t\t<\/div>\n\t\t\t\t<div class=\"elementor-column elementor-col-50 elementor-top-column elementor-element elementor-element-10d5542\" data-id=\"10d5542\" data-element_type=\"column\" data-e-type=\"column\">\n\t\t\t<div class=\"elementor-widget-wrap elementor-element-populated\">\n\t\t\t\t\t\t<div class=\"elementor-element elementor-element-2e8dbe1 elementor-widget elementor-widget-image\" data-id=\"2e8dbe1\" data-element_type=\"widget\" data-e-type=\"widget\" data-widget_type=\"image.default\">\n\t\t\t\t<div class=\"elementor-widget-container\">\n\t\t\t\t\t\t\t\t\t\t\t\t\t\t\t<img loading=\"lazy\" decoding=\"async\" width=\"800\" height=\"697\" src=\"https:\/\/maristasguaynabo.org\/home\/wp-content\/uploads\/2023\/09\/WhatsApp-Image-2023-09-06-at-10.58.12-AM-1.jpeg\" class=\"attachment-large size-large wp-image-4491\" alt=\"\" srcset=\"https:\/\/maristasguaynabo.org\/home\/wp-content\/uploads\/2023\/09\/WhatsApp-Image-2023-09-06-at-10.58.12-AM-1.jpeg 839w, https:\/\/maristasguaynabo.org\/home\/wp-content\/uploads\/2023\/09\/WhatsApp-Image-2023-09-06-at-10.58.12-AM-1-300x261.jpeg 300w, https:\/\/maristasguaynabo.org\/home\/wp-content\/uploads\/2023\/09\/WhatsApp-Image-2023-09-06-at-10.58.12-AM-1-768x669.jpeg 768w\" sizes=\"(max-width: 800px) 100vw, 800px\" \/>\t\t\t\t\t\t\t\t\t\t\t\t\t\t\t<\/div>\n\t\t\t\t<\/div>\n\t\t\t\t\t<\/div>\n\t\t<\/div>\n\t\t\t\t\t<\/div>\n\t\t<\/section>\n\t\t\t\t<\/div>\n\t\t","protected":false},"excerpt":{"rendered":"<p>Celebramos juntos la Eucarist\u00eda de inicio de curso en acci\u00f3n de gracias por los 35 a\u00f1\u00f3s de vida religiosa del Hno Carlos. <\/p>\n","protected":false},"author":5,"featured_media":4482,"comment_status":"open","ping_status":"open","sticky":false,"template":"","format":"standard","meta":{"_monsterinsights_skip_tracking":false,"_monsterinsights_sitenote_active":false,"_monsterinsights_sitenote_note":"","_monsterinsights_sitenote_category":0,"footnotes":""},"categories":[9],"tags":[61,64,43,69,68],"class_list":["post-4480","post","type-post","status-publish","format-standard","has-post-thumbnail","hentry","category-noticias","tag-admsiones","tag-colegios","tag-familia","tag-guaynabo","tag-pastoral"],"yoast_head":"<!-- This site is optimized with the Yoast SEO plugin v27.2 - https:\/\/yoast.com\/product\/yoast-seo-wordpress\/ -->\n<title>- Colegio Marista Guaynabo<\/title>\n<meta name=\"description\" content=\"Mensaje de nuestro Provincial con motivo de la Solemnidad de la Asunci\u00f3n de Mar\u00eda, con el lema con Mar\u00eda llamados a la plenitud de la vida.\" \/>\n<meta name=\"robots\" content=\"index, follow, max-snippet:-1, max-image-preview:large, max-video-preview:-1\" \/>\n<link rel=\"canonical\" href=\"https:\/\/maristasguaynabo.org\/home\/solemnidad-de-la-asuncion-de-maria-2\/\" \/>\n<meta property=\"og:locale\" content=\"es_ES\" \/>\n<meta property=\"og:type\" content=\"article\" \/>\n<meta property=\"og:title\" content=\"- Colegio Marista Guaynabo\" \/>\n<meta property=\"og:description\" content=\"Mensaje de nuestro Provincial con motivo de la Solemnidad de la Asunci\u00f3n de Mar\u00eda, con el lema con Mar\u00eda llamados a la plenitud de la vida.\" \/>\n<meta property=\"og:url\" content=\"https:\/\/maristasguaynabo.org\/home\/solemnidad-de-la-asuncion-de-maria-2\/\" \/>\n<meta property=\"og:site_name\" content=\"Colegio Marista Guaynabo\" \/>\n<meta property=\"article:published_time\" content=\"2023-09-14T18:31:25+00:00\" \/>\n<meta property=\"article:modified_time\" content=\"2023-09-14T18:44:44+00:00\" \/>\n<meta property=\"og:image\" content=\"https:\/\/maristasguaynabo.org\/home\/wp-content\/uploads\/2023\/09\/Tamano-NOticias-1.png\" \/>\n\t<meta property=\"og:image:width\" content=\"545\" \/>\n\t<meta property=\"og:image:height\" content=\"538\" \/>\n\t<meta property=\"og:image:type\" content=\"image\/png\" \/>\n<meta name=\"author\" content=\"Comunicador Colegio\" \/>\n<meta name=\"twitter:card\" content=\"summary_large_image\" \/>\n<meta name=\"twitter:label1\" content=\"Escrito por\" \/>\n\t<meta name=\"twitter:data1\" content=\"Comunicador Colegio\" \/>\n\t<meta name=\"twitter:label2\" content=\"Tiempo de lectura\" \/>\n\t<meta name=\"twitter:data2\" content=\"3 minutos\" \/>\n<script type=\"application\/ld+json\" class=\"yoast-schema-graph\">{\"@context\":\"https:\/\/schema.org\",\"@graph\":[{\"@type\":\"Article\",\"@id\":\"https:\/\/maristasguaynabo.org\/home\/solemnidad-de-la-asuncion-de-maria-2\/#article\",\"isPartOf\":{\"@id\":\"https:\/\/maristasguaynabo.org\/home\/solemnidad-de-la-asuncion-de-maria-2\/\"},\"author\":{\"name\":\"Comunicador Colegio\",\"@id\":\"https:\/\/maristasguaynabo.org\/home\/#\/schema\/person\/517df4e8583d8b37fdd320ed564f5f73\"},\"headline\":\"Eucarist\u00eda de Inicio de Curso\",\"datePublished\":\"2023-09-14T18:31:25+00:00\",\"dateModified\":\"2023-09-14T18:44:44+00:00\",\"mainEntityOfPage\":{\"@id\":\"https:\/\/maristasguaynabo.org\/home\/solemnidad-de-la-asuncion-de-maria-2\/\"},\"wordCount\":280,\"commentCount\":0,\"publisher\":{\"@id\":\"https:\/\/maristasguaynabo.org\/home\/#organization\"},\"image\":{\"@id\":\"https:\/\/maristasguaynabo.org\/home\/solemnidad-de-la-asuncion-de-maria-2\/#primaryimage\"},\"thumbnailUrl\":\"https:\/\/maristasguaynabo.org\/home\/wp-content\/uploads\/2023\/09\/Tamano-NOticias-1.png\",\"keywords\":[\"admsiones\",\"colegios\",\"Familia\",\"guaynabo\",\"pastoral\"],\"articleSection\":[\"Noticias\"],\"inLanguage\":\"es\",\"potentialAction\":[{\"@type\":\"CommentAction\",\"name\":\"Comment\",\"target\":[\"https:\/\/maristasguaynabo.org\/home\/solemnidad-de-la-asuncion-de-maria-2\/#respond\"]}]},{\"@type\":\"WebPage\",\"@id\":\"https:\/\/maristasguaynabo.org\/home\/solemnidad-de-la-asuncion-de-maria-2\/\",\"url\":\"https:\/\/maristasguaynabo.org\/home\/solemnidad-de-la-asuncion-de-maria-2\/\",\"name\":\"- Colegio Marista Guaynabo\",\"isPartOf\":{\"@id\":\"https:\/\/maristasguaynabo.org\/home\/#website\"},\"primaryImageOfPage\":{\"@id\":\"https:\/\/maristasguaynabo.org\/home\/solemnidad-de-la-asuncion-de-maria-2\/#primaryimage\"},\"image\":{\"@id\":\"https:\/\/maristasguaynabo.org\/home\/solemnidad-de-la-asuncion-de-maria-2\/#primaryimage\"},\"thumbnailUrl\":\"https:\/\/maristasguaynabo.org\/home\/wp-content\/uploads\/2023\/09\/Tamano-NOticias-1.png\",\"datePublished\":\"2023-09-14T18:31:25+00:00\",\"dateModified\":\"2023-09-14T18:44:44+00:00\",\"description\":\"Mensaje de nuestro Provincial con motivo de la Solemnidad de la Asunci\u00f3n de Mar\u00eda, con el lema con Mar\u00eda llamados a la plenitud de la vida.\",\"breadcrumb\":{\"@id\":\"https:\/\/maristasguaynabo.org\/home\/solemnidad-de-la-asuncion-de-maria-2\/#breadcrumb\"},\"inLanguage\":\"es\",\"potentialAction\":[{\"@type\":\"ReadAction\",\"target\":[\"https:\/\/maristasguaynabo.org\/home\/solemnidad-de-la-asuncion-de-maria-2\/\"]}]},{\"@type\":\"ImageObject\",\"inLanguage\":\"es\",\"@id\":\"https:\/\/maristasguaynabo.org\/home\/solemnidad-de-la-asuncion-de-maria-2\/#primaryimage\",\"url\":\"https:\/\/maristasguaynabo.org\/home\/wp-content\/uploads\/2023\/09\/Tamano-NOticias-1.png\",\"contentUrl\":\"https:\/\/maristasguaynabo.org\/home\/wp-content\/uploads\/2023\/09\/Tamano-NOticias-1.png\",\"width\":545,\"height\":538},{\"@type\":\"BreadcrumbList\",\"@id\":\"https:\/\/maristasguaynabo.org\/home\/solemnidad-de-la-asuncion-de-maria-2\/#breadcrumb\",\"itemListElement\":[{\"@type\":\"ListItem\",\"position\":1,\"name\":\"Portada\",\"item\":\"https:\/\/maristasguaynabo.org\/home\/\"},{\"@type\":\"ListItem\",\"position\":2,\"name\":\"Eucarist\u00eda de Inicio de Curso\"}]},{\"@type\":\"WebSite\",\"@id\":\"https:\/\/maristasguaynabo.org\/home\/#website\",\"url\":\"https:\/\/maristasguaynabo.org\/home\/\",\"name\":\"Colegio Marista Guaynabo\",\"description\":\"\",\"publisher\":{\"@id\":\"https:\/\/maristasguaynabo.org\/home\/#organization\"},\"potentialAction\":[{\"@type\":\"SearchAction\",\"target\":{\"@type\":\"EntryPoint\",\"urlTemplate\":\"https:\/\/maristasguaynabo.org\/home\/?s={search_term_string}\"},\"query-input\":{\"@type\":\"PropertyValueSpecification\",\"valueRequired\":true,\"valueName\":\"search_term_string\"}}],\"inLanguage\":\"es\"},{\"@type\":\"Organization\",\"@id\":\"https:\/\/maristasguaynabo.org\/home\/#organization\",\"name\":\"Colegio Marista Guaynabo\",\"url\":\"https:\/\/maristasguaynabo.org\/home\/\",\"logo\":{\"@type\":\"ImageObject\",\"inLanguage\":\"es\",\"@id\":\"https:\/\/maristasguaynabo.org\/home\/#\/schema\/logo\/image\/\",\"url\":\"https:\/\/maristasguaynabo.org\/home\/wp-content\/uploads\/2022\/08\/10_GUAYNABO_final.png\",\"contentUrl\":\"https:\/\/maristasguaynabo.org\/home\/wp-content\/uploads\/2022\/08\/10_GUAYNABO_final.png\",\"width\":924,\"height\":177,\"caption\":\"Colegio Marista Guaynabo\"},\"image\":{\"@id\":\"https:\/\/maristasguaynabo.org\/home\/#\/schema\/logo\/image\/\"}},{\"@type\":\"Person\",\"@id\":\"https:\/\/maristasguaynabo.org\/home\/#\/schema\/person\/517df4e8583d8b37fdd320ed564f5f73\",\"name\":\"Comunicador Colegio\",\"image\":{\"@type\":\"ImageObject\",\"inLanguage\":\"es\",\"@id\":\"https:\/\/secure.gravatar.com\/avatar\/9585010c3fed7be7b101d7cc4163438acb148390a543911f8515d4558dfa5055?s=96&d=mm&r=g\",\"url\":\"https:\/\/secure.gravatar.com\/avatar\/9585010c3fed7be7b101d7cc4163438acb148390a543911f8515d4558dfa5055?s=96&d=mm&r=g\",\"contentUrl\":\"https:\/\/secure.gravatar.com\/avatar\/9585010c3fed7be7b101d7cc4163438acb148390a543911f8515d4558dfa5055?s=96&d=mm&r=g\",\"caption\":\"Comunicador Colegio\"}}]}<\/script>\n<!-- \/ Yoast SEO plugin. -->","yoast_head_json":{"title":"- Colegio Marista Guaynabo","description":"Mensaje de nuestro Provincial con motivo de la Solemnidad de la Asunci\u00f3n de Mar\u00eda, con el lema con Mar\u00eda llamados a la plenitud de la vida.","robots":{"index":"index","follow":"follow","max-snippet":"max-snippet:-1","max-image-preview":"max-image-preview:large","max-video-preview":"max-video-preview:-1"},"canonical":"https:\/\/maristasguaynabo.org\/home\/solemnidad-de-la-asuncion-de-maria-2\/","og_locale":"es_ES","og_type":"article","og_title":"- Colegio Marista Guaynabo","og_description":"Mensaje de nuestro Provincial con motivo de la Solemnidad de la Asunci\u00f3n de Mar\u00eda, con el lema con Mar\u00eda llamados a la plenitud de la vida.","og_url":"https:\/\/maristasguaynabo.org\/home\/solemnidad-de-la-asuncion-de-maria-2\/","og_site_name":"Colegio Marista Guaynabo","article_published_time":"2023-09-14T18:31:25+00:00","article_modified_time":"2023-09-14T18:44:44+00:00","og_image":[{"width":545,"height":538,"url":"https:\/\/maristasguaynabo.org\/home\/wp-content\/uploads\/2023\/09\/Tamano-NOticias-1.png","type":"image\/png"}],"author":"Comunicador Colegio","twitter_card":"summary_large_image","twitter_misc":{"Escrito por":"Comunicador Colegio","Tiempo de lectura":"3 minutos"},"schema":{"@context":"https:\/\/schema.org","@graph":[{"@type":"Article","@id":"https:\/\/maristasguaynabo.org\/home\/solemnidad-de-la-asuncion-de-maria-2\/#article","isPartOf":{"@id":"https:\/\/maristasguaynabo.org\/home\/solemnidad-de-la-asuncion-de-maria-2\/"},"author":{"name":"Comunicador Colegio","@id":"https:\/\/maristasguaynabo.org\/home\/#\/schema\/person\/517df4e8583d8b37fdd320ed564f5f73"},"headline":"Eucarist\u00eda de Inicio de Curso","datePublished":"2023-09-14T18:31:25+00:00","dateModified":"2023-09-14T18:44:44+00:00","mainEntityOfPage":{"@id":"https:\/\/maristasguaynabo.org\/home\/solemnidad-de-la-asuncion-de-maria-2\/"},"wordCount":280,"commentCount":0,"publisher":{"@id":"https:\/\/maristasguaynabo.org\/home\/#organization"},"image":{"@id":"https:\/\/maristasguaynabo.org\/home\/solemnidad-de-la-asuncion-de-maria-2\/#primaryimage"},"thumbnailUrl":"https:\/\/maristasguaynabo.org\/home\/wp-content\/uploads\/2023\/09\/Tamano-NOticias-1.png","keywords":["admsiones","colegios","Familia","guaynabo","pastoral"],"articleSection":["Noticias"],"inLanguage":"es","potentialAction":[{"@type":"CommentAction","name":"Comment","target":["https:\/\/maristasguaynabo.org\/home\/solemnidad-de-la-asuncion-de-maria-2\/#respond"]}]},{"@type":"WebPage","@id":"https:\/\/maristasguaynabo.org\/home\/solemnidad-de-la-asuncion-de-maria-2\/","url":"https:\/\/maristasguaynabo.org\/home\/solemnidad-de-la-asuncion-de-maria-2\/","name":"- Colegio Marista Guaynabo","isPartOf":{"@id":"https:\/\/maristasguaynabo.org\/home\/#website"},"primaryImageOfPage":{"@id":"https:\/\/maristasguaynabo.org\/home\/solemnidad-de-la-asuncion-de-maria-2\/#primaryimage"},"image":{"@id":"https:\/\/maristasguaynabo.org\/home\/solemnidad-de-la-asuncion-de-maria-2\/#primaryimage"},"thumbnailUrl":"https:\/\/maristasguaynabo.org\/home\/wp-content\/uploads\/2023\/09\/Tamano-NOticias-1.png","datePublished":"2023-09-14T18:31:25+00:00","dateModified":"2023-09-14T18:44:44+00:00","description":"Mensaje de nuestro Provincial con motivo de la Solemnidad de la Asunci\u00f3n de Mar\u00eda, con el lema con Mar\u00eda llamados a la plenitud de la vida.","breadcrumb":{"@id":"https:\/\/maristasguaynabo.org\/home\/solemnidad-de-la-asuncion-de-maria-2\/#breadcrumb"},"inLanguage":"es","potentialAction":[{"@type":"ReadAction","target":["https:\/\/maristasguaynabo.org\/home\/solemnidad-de-la-asuncion-de-maria-2\/"]}]},{"@type":"ImageObject","inLanguage":"es","@id":"https:\/\/maristasguaynabo.org\/home\/solemnidad-de-la-asuncion-de-maria-2\/#primaryimage","url":"https:\/\/maristasguaynabo.org\/home\/wp-content\/uploads\/2023\/09\/Tamano-NOticias-1.png","contentUrl":"https:\/\/maristasguaynabo.org\/home\/wp-content\/uploads\/2023\/09\/Tamano-NOticias-1.png","width":545,"height":538},{"@type":"BreadcrumbList","@id":"https:\/\/maristasguaynabo.org\/home\/solemnidad-de-la-asuncion-de-maria-2\/#breadcrumb","itemListElement":[{"@type":"ListItem","position":1,"name":"Portada","item":"https:\/\/maristasguaynabo.org\/home\/"},{"@type":"ListItem","position":2,"name":"Eucarist\u00eda de Inicio de Curso"}]},{"@type":"WebSite","@id":"https:\/\/maristasguaynabo.org\/home\/#website","url":"https:\/\/maristasguaynabo.org\/home\/","name":"Colegio Marista Guaynabo","description":"","publisher":{"@id":"https:\/\/maristasguaynabo.org\/home\/#organization"},"potentialAction":[{"@type":"SearchAction","target":{"@type":"EntryPoint","urlTemplate":"https:\/\/maristasguaynabo.org\/home\/?s={search_term_string}"},"query-input":{"@type":"PropertyValueSpecification","valueRequired":true,"valueName":"search_term_string"}}],"inLanguage":"es"},{"@type":"Organization","@id":"https:\/\/maristasguaynabo.org\/home\/#organization","name":"Colegio Marista Guaynabo","url":"https:\/\/maristasguaynabo.org\/home\/","logo":{"@type":"ImageObject","inLanguage":"es","@id":"https:\/\/maristasguaynabo.org\/home\/#\/schema\/logo\/image\/","url":"https:\/\/maristasguaynabo.org\/home\/wp-content\/uploads\/2022\/08\/10_GUAYNABO_final.png","contentUrl":"https:\/\/maristasguaynabo.org\/home\/wp-content\/uploads\/2022\/08\/10_GUAYNABO_final.png","width":924,"height":177,"caption":"Colegio Marista Guaynabo"},"image":{"@id":"https:\/\/maristasguaynabo.org\/home\/#\/schema\/logo\/image\/"}},{"@type":"Person","@id":"https:\/\/maristasguaynabo.org\/home\/#\/schema\/person\/517df4e8583d8b37fdd320ed564f5f73","name":"Comunicador Colegio","image":{"@type":"ImageObject","inLanguage":"es","@id":"https:\/\/secure.gravatar.com\/avatar\/9585010c3fed7be7b101d7cc4163438acb148390a543911f8515d4558dfa5055?s=96&d=mm&r=g","url":"https:\/\/secure.gravatar.com\/avatar\/9585010c3fed7be7b101d7cc4163438acb148390a543911f8515d4558dfa5055?s=96&d=mm&r=g","contentUrl":"https:\/\/secure.gravatar.com\/avatar\/9585010c3fed7be7b101d7cc4163438acb148390a543911f8515d4558dfa5055?s=96&d=mm&r=g","caption":"Comunicador Colegio"}}]}},"_links":{"self":[{"href":"https:\/\/maristasguaynabo.org\/home\/wp-json\/wp\/v2\/posts\/4480","targetHints":{"allow":["GET"]}}],"collection":[{"href":"https:\/\/maristasguaynabo.org\/home\/wp-json\/wp\/v2\/posts"}],"about":[{"href":"https:\/\/maristasguaynabo.org\/home\/wp-json\/wp\/v2\/types\/post"}],"author":[{"embeddable":true,"href":"https:\/\/maristasguaynabo.org\/home\/wp-json\/wp\/v2\/users\/5"}],"replies":[{"embeddable":true,"href":"https:\/\/maristasguaynabo.org\/home\/wp-json\/wp\/v2\/comments?post=4480"}],"version-history":[{"count":8,"href":"https:\/\/maristasguaynabo.org\/home\/wp-json\/wp\/v2\/posts\/4480\/revisions"}],"predecessor-version":[{"id":4496,"href":"https:\/\/maristasguaynabo.org\/home\/wp-json\/wp\/v2\/posts\/4480\/revisions\/4496"}],"wp:featuredmedia":[{"embeddable":true,"href":"https:\/\/maristasguaynabo.org\/home\/wp-json\/wp\/v2\/media\/4482"}],"wp:attachment":[{"href":"https:\/\/maristasguaynabo.org\/home\/wp-json\/wp\/v2\/media?parent=4480"}],"wp:term":[{"taxonomy":"category","embeddable":true,"href":"https:\/\/maristasguaynabo.org\/home\/wp-json\/wp\/v2\/categories?post=4480"},{"taxonomy":"post_tag","embeddable":true,"href":"https:\/\/maristasguaynabo.org\/home\/wp-json\/wp\/v2\/tags?post=4480"}],"curies":[{"name":"wp","href":"https:\/\/api.w.org\/{rel}","templated":true}]}}