{"id":4422,"date":"2023-08-17T06:27:05","date_gmt":"2023-08-17T12:27:05","guid":{"rendered":"https:\/\/maristasguaynabo.org\/home\/?p=4422"},"modified":"2023-08-17T06:27:06","modified_gmt":"2023-08-17T12:27:06","slug":"solemnidad-de-la-asuncion-de-maria","status":"publish","type":"post","link":"https:\/\/maristasguaynabo.org\/home\/solemnidad-de-la-asuncion-de-maria\/","title":{"rendered":"Solemnidad de la Asunci\u00f3n de Mar\u00eda"},"content":{"rendered":"<p><strong>\u201cCON MAR\u00cdA, LLAMADOS A LA PLENITUD DE VIDA\u201d<\/strong><\/p>\n<p>+ J.M.J.CH. 15 de agosto, 2023<\/p>\n<p>Asunci\u00f3n de Mar\u00eda &#8211; Fiesta Patronal del Instituto Marista<\/p>\n<p>Marista de Champagnat:<\/p>\n<p>Hoy 15 de agosto es la <strong>fiesta de la Asunci\u00f3n de Mar\u00eda <\/strong>y nosotros como MARISTAS, continuamos la herencia de nuestro fundador, celebrando nuestra fiesta patronal, que en este a\u00f1o del <strong>Centenario Marista<\/strong> adquiere un significado nuevo.<\/p>\n<p>Esta celebraci\u00f3n nos habla de la <strong>plenitud de vida que alcanz\u00f3 Mar\u00eda, la madre de Jes\u00fas<a href=\"#_ftn1\" name=\"_ftnref1\">[1]<\/a>, <\/strong>que desde los or\u00edgenes, los cristianos creyeron. Por eso este dogma, proclamado por P\u00edo XII en 1950, responde a la fe del pueblo y no a una verdad abstracta, adem\u00e1s de tener un doble sentido: En primer lugar, reconocer en Mar\u00eda la primera creyente que participa plenamente de la vida de Dios. En segundo lugar, la posibilidad que todos los dem\u00e1s seres humanos tienen de vivir esa misma plenitud.<\/p>\n<p>Esta fiesta adquiere mucho m\u00e1s sentido cuando lo celebramos no mirando tanto hacia la vida singular de Mar\u00eda sino cuando ella nos inspira a mirar nuestra vida y a decidirnos por el <strong>seguimiento de Jes\u00fas,<\/strong> que implica asumir los valores del reino: la justicia, la paz, la solidaridad, la alegr\u00eda, el cuidado de la creaci\u00f3n, la atenci\u00f3n a los signos de los tiempos, la defensa de la vida, la opci\u00f3n preferencial por los m\u00e1s pobres de cada momento hist\u00f3rico.<\/p>\n<p>Que esta celebraci\u00f3n mariana nos ayude a todos a renovar nuestra vida cristiana y marista; a querer alcanzar la plenitud que Dios mismo nos ofrece.<\/p>\n<p>Tenemos a Mar\u00eda de nuestro lado,<\/p>\n<p>con ella y como ella<\/p>\n<p>podemos alcanzar todos,<\/p>\n<p>esa vida de Dios en plenitud,<\/p>\n<p>caminando juntos y generando vida.<\/p>\n<p>\u00a1Feliz fiesta de Nuestra Buena Madre!<\/p>\n<p>Fraternalmente,<\/p>\n<p>Hip\u00f3lito P\u00e9rez, fms<\/p>\n<p><a href=\"#_ftnref1\" name=\"_ftn1\"><strong>[1]<\/strong><\/a><strong> cf \u201cA prop\u00f3sito de la fiesta de la Asunci\u00f3n: llamados\/as a la plenitud de la vida. Consuelo V\u00e9lez en Fe adulta. https:\/\/www.feadulta.com\/es\/buscadoravanzado\/item\/14125-a-proposito-de-la-fiesta-de-la-asuncion-llamados-as-a-la-plenitud-de-la-vida.html<\/strong><\/p>\n<p><strong>\u00a0<\/strong><\/p>\n<p><strong>\u00a0<\/strong><\/p>\n<p><strong>\u00a0<\/strong><\/p>\n","protected":false},"excerpt":{"rendered":"<p>Mensaje de nuestro Provincial, el Hno. Hip\u00f3lito P\u00e9rez, fms con motivo de la Solemnidad de la Asunci\u00f3n de Mar\u00eda.<\/p>\n","protected":false},"author":5,"featured_media":4423,"comment_status":"open","ping_status":"open","sticky":false,"template":"","format":"standard","meta":{"_monsterinsights_skip_tracking":false,"_monsterinsights_sitenote_active":false,"_monsterinsights_sitenote_note":"","_monsterinsights_sitenote_category":0,"footnotes":""},"categories":[9],"tags":[61,64,43,69,68],"class_list":["post-4422","post","type-post","status-publish","format-standard","has-post-thumbnail","hentry","category-noticias","tag-admsiones","tag-colegios","tag-familia","tag-guaynabo","tag-pastoral"],"yoast_head":"<!-- This site is optimized with the Yoast SEO plugin v27.2 - https:\/\/yoast.com\/product\/yoast-seo-wordpress\/ -->\n<title>- Colegio Marista Guaynabo<\/title>\n<meta name=\"description\" content=\"Mensaje de nuestro Provincial con motivo de la Solemnidad de la Asunci\u00f3n de Mar\u00eda, con el lema con Mar\u00eda llamados a la plenitud de la vida.\" \/>\n<meta name=\"robots\" content=\"index, follow, max-snippet:-1, max-image-preview:large, max-video-preview:-1\" \/>\n<link rel=\"canonical\" href=\"https:\/\/maristasguaynabo.org\/home\/solemnidad-de-la-asuncion-de-maria\/\" \/>\n<meta property=\"og:locale\" content=\"es_ES\" \/>\n<meta property=\"og:type\" content=\"article\" \/>\n<meta property=\"og:title\" content=\"- Colegio Marista Guaynabo\" \/>\n<meta property=\"og:description\" content=\"Mensaje de nuestro Provincial con motivo de la Solemnidad de la Asunci\u00f3n de Mar\u00eda, con el lema con Mar\u00eda llamados a la plenitud de la vida.\" \/>\n<meta property=\"og:url\" content=\"https:\/\/maristasguaynabo.org\/home\/solemnidad-de-la-asuncion-de-maria\/\" \/>\n<meta property=\"og:site_name\" content=\"Colegio Marista Guaynabo\" \/>\n<meta property=\"article:published_time\" content=\"2023-08-17T12:27:05+00:00\" \/>\n<meta property=\"article:modified_time\" content=\"2023-08-17T12:27:06+00:00\" \/>\n<meta property=\"og:image\" content=\"https:\/\/maristasguaynabo.org\/home\/wp-content\/uploads\/2023\/08\/Tamano-NOticias.png\" \/>\n\t<meta property=\"og:image:width\" content=\"545\" \/>\n\t<meta property=\"og:image:height\" content=\"538\" \/>\n\t<meta property=\"og:image:type\" content=\"image\/png\" \/>\n<meta name=\"author\" content=\"Comunicador Colegio\" \/>\n<meta name=\"twitter:card\" content=\"summary_large_image\" \/>\n<meta name=\"twitter:label1\" content=\"Escrito por\" \/>\n\t<meta name=\"twitter:data1\" content=\"Comunicador Colegio\" \/>\n\t<meta name=\"twitter:label2\" content=\"Tiempo de lectura\" \/>\n\t<meta name=\"twitter:data2\" content=\"2 minutos\" \/>\n<script type=\"application\/ld+json\" class=\"yoast-schema-graph\">{\"@context\":\"https:\/\/schema.org\",\"@graph\":[{\"@type\":\"Article\",\"@id\":\"https:\/\/maristasguaynabo.org\/home\/solemnidad-de-la-asuncion-de-maria\/#article\",\"isPartOf\":{\"@id\":\"https:\/\/maristasguaynabo.org\/home\/solemnidad-de-la-asuncion-de-maria\/\"},\"author\":{\"name\":\"Comunicador Colegio\",\"@id\":\"https:\/\/maristasguaynabo.org\/home\/#\/schema\/person\/517df4e8583d8b37fdd320ed564f5f73\"},\"headline\":\"Solemnidad de la Asunci\u00f3n de Mar\u00eda\",\"datePublished\":\"2023-08-17T12:27:05+00:00\",\"dateModified\":\"2023-08-17T12:27:06+00:00\",\"mainEntityOfPage\":{\"@id\":\"https:\/\/maristasguaynabo.org\/home\/solemnidad-de-la-asuncion-de-maria\/\"},\"wordCount\":354,\"commentCount\":0,\"publisher\":{\"@id\":\"https:\/\/maristasguaynabo.org\/home\/#organization\"},\"image\":{\"@id\":\"https:\/\/maristasguaynabo.org\/home\/solemnidad-de-la-asuncion-de-maria\/#primaryimage\"},\"thumbnailUrl\":\"https:\/\/maristasguaynabo.org\/home\/wp-content\/uploads\/2023\/08\/Tamano-NOticias.png\",\"keywords\":[\"admsiones\",\"colegios\",\"Familia\",\"guaynabo\",\"pastoral\"],\"articleSection\":[\"Noticias\"],\"inLanguage\":\"es\",\"potentialAction\":[{\"@type\":\"CommentAction\",\"name\":\"Comment\",\"target\":[\"https:\/\/maristasguaynabo.org\/home\/solemnidad-de-la-asuncion-de-maria\/#respond\"]}]},{\"@type\":\"WebPage\",\"@id\":\"https:\/\/maristasguaynabo.org\/home\/solemnidad-de-la-asuncion-de-maria\/\",\"url\":\"https:\/\/maristasguaynabo.org\/home\/solemnidad-de-la-asuncion-de-maria\/\",\"name\":\"- Colegio Marista Guaynabo\",\"isPartOf\":{\"@id\":\"https:\/\/maristasguaynabo.org\/home\/#website\"},\"primaryImageOfPage\":{\"@id\":\"https:\/\/maristasguaynabo.org\/home\/solemnidad-de-la-asuncion-de-maria\/#primaryimage\"},\"image\":{\"@id\":\"https:\/\/maristasguaynabo.org\/home\/solemnidad-de-la-asuncion-de-maria\/#primaryimage\"},\"thumbnailUrl\":\"https:\/\/maristasguaynabo.org\/home\/wp-content\/uploads\/2023\/08\/Tamano-NOticias.png\",\"datePublished\":\"2023-08-17T12:27:05+00:00\",\"dateModified\":\"2023-08-17T12:27:06+00:00\",\"description\":\"Mensaje de nuestro Provincial con motivo de la Solemnidad de la Asunci\u00f3n de Mar\u00eda, con el lema con Mar\u00eda llamados a la plenitud de la vida.\",\"breadcrumb\":{\"@id\":\"https:\/\/maristasguaynabo.org\/home\/solemnidad-de-la-asuncion-de-maria\/#breadcrumb\"},\"inLanguage\":\"es\",\"potentialAction\":[{\"@type\":\"ReadAction\",\"target\":[\"https:\/\/maristasguaynabo.org\/home\/solemnidad-de-la-asuncion-de-maria\/\"]}]},{\"@type\":\"ImageObject\",\"inLanguage\":\"es\",\"@id\":\"https:\/\/maristasguaynabo.org\/home\/solemnidad-de-la-asuncion-de-maria\/#primaryimage\",\"url\":\"https:\/\/maristasguaynabo.org\/home\/wp-content\/uploads\/2023\/08\/Tamano-NOticias.png\",\"contentUrl\":\"https:\/\/maristasguaynabo.org\/home\/wp-content\/uploads\/2023\/08\/Tamano-NOticias.png\",\"width\":545,\"height\":538},{\"@type\":\"BreadcrumbList\",\"@id\":\"https:\/\/maristasguaynabo.org\/home\/solemnidad-de-la-asuncion-de-maria\/#breadcrumb\",\"itemListElement\":[{\"@type\":\"ListItem\",\"position\":1,\"name\":\"Portada\",\"item\":\"https:\/\/maristasguaynabo.org\/home\/\"},{\"@type\":\"ListItem\",\"position\":2,\"name\":\"Solemnidad de la Asunci\u00f3n de Mar\u00eda\"}]},{\"@type\":\"WebSite\",\"@id\":\"https:\/\/maristasguaynabo.org\/home\/#website\",\"url\":\"https:\/\/maristasguaynabo.org\/home\/\",\"name\":\"Colegio Marista Guaynabo\",\"description\":\"\",\"publisher\":{\"@id\":\"https:\/\/maristasguaynabo.org\/home\/#organization\"},\"potentialAction\":[{\"@type\":\"SearchAction\",\"target\":{\"@type\":\"EntryPoint\",\"urlTemplate\":\"https:\/\/maristasguaynabo.org\/home\/?s={search_term_string}\"},\"query-input\":{\"@type\":\"PropertyValueSpecification\",\"valueRequired\":true,\"valueName\":\"search_term_string\"}}],\"inLanguage\":\"es\"},{\"@type\":\"Organization\",\"@id\":\"https:\/\/maristasguaynabo.org\/home\/#organization\",\"name\":\"Colegio Marista Guaynabo\",\"url\":\"https:\/\/maristasguaynabo.org\/home\/\",\"logo\":{\"@type\":\"ImageObject\",\"inLanguage\":\"es\",\"@id\":\"https:\/\/maristasguaynabo.org\/home\/#\/schema\/logo\/image\/\",\"url\":\"https:\/\/maristasguaynabo.org\/home\/wp-content\/uploads\/2022\/08\/10_GUAYNABO_final.png\",\"contentUrl\":\"https:\/\/maristasguaynabo.org\/home\/wp-content\/uploads\/2022\/08\/10_GUAYNABO_final.png\",\"width\":924,\"height\":177,\"caption\":\"Colegio Marista Guaynabo\"},\"image\":{\"@id\":\"https:\/\/maristasguaynabo.org\/home\/#\/schema\/logo\/image\/\"}},{\"@type\":\"Person\",\"@id\":\"https:\/\/maristasguaynabo.org\/home\/#\/schema\/person\/517df4e8583d8b37fdd320ed564f5f73\",\"name\":\"Comunicador Colegio\",\"image\":{\"@type\":\"ImageObject\",\"inLanguage\":\"es\",\"@id\":\"https:\/\/secure.gravatar.com\/avatar\/9585010c3fed7be7b101d7cc4163438acb148390a543911f8515d4558dfa5055?s=96&d=mm&r=g\",\"url\":\"https:\/\/secure.gravatar.com\/avatar\/9585010c3fed7be7b101d7cc4163438acb148390a543911f8515d4558dfa5055?s=96&d=mm&r=g\",\"contentUrl\":\"https:\/\/secure.gravatar.com\/avatar\/9585010c3fed7be7b101d7cc4163438acb148390a543911f8515d4558dfa5055?s=96&d=mm&r=g\",\"caption\":\"Comunicador Colegio\"}}]}<\/script>\n<!-- \/ Yoast SEO plugin. -->","yoast_head_json":{"title":"- Colegio Marista Guaynabo","description":"Mensaje de nuestro Provincial con motivo de la Solemnidad de la Asunci\u00f3n de Mar\u00eda, con el lema con Mar\u00eda llamados a la plenitud de la vida.","robots":{"index":"index","follow":"follow","max-snippet":"max-snippet:-1","max-image-preview":"max-image-preview:large","max-video-preview":"max-video-preview:-1"},"canonical":"https:\/\/maristasguaynabo.org\/home\/solemnidad-de-la-asuncion-de-maria\/","og_locale":"es_ES","og_type":"article","og_title":"- Colegio Marista Guaynabo","og_description":"Mensaje de nuestro Provincial con motivo de la Solemnidad de la Asunci\u00f3n de Mar\u00eda, con el lema con Mar\u00eda llamados a la plenitud de la vida.","og_url":"https:\/\/maristasguaynabo.org\/home\/solemnidad-de-la-asuncion-de-maria\/","og_site_name":"Colegio Marista Guaynabo","article_published_time":"2023-08-17T12:27:05+00:00","article_modified_time":"2023-08-17T12:27:06+00:00","og_image":[{"width":545,"height":538,"url":"https:\/\/maristasguaynabo.org\/home\/wp-content\/uploads\/2023\/08\/Tamano-NOticias.png","type":"image\/png"}],"author":"Comunicador Colegio","twitter_card":"summary_large_image","twitter_misc":{"Escrito por":"Comunicador Colegio","Tiempo de lectura":"2 minutos"},"schema":{"@context":"https:\/\/schema.org","@graph":[{"@type":"Article","@id":"https:\/\/maristasguaynabo.org\/home\/solemnidad-de-la-asuncion-de-maria\/#article","isPartOf":{"@id":"https:\/\/maristasguaynabo.org\/home\/solemnidad-de-la-asuncion-de-maria\/"},"author":{"name":"Comunicador Colegio","@id":"https:\/\/maristasguaynabo.org\/home\/#\/schema\/person\/517df4e8583d8b37fdd320ed564f5f73"},"headline":"Solemnidad de la Asunci\u00f3n de Mar\u00eda","datePublished":"2023-08-17T12:27:05+00:00","dateModified":"2023-08-17T12:27:06+00:00","mainEntityOfPage":{"@id":"https:\/\/maristasguaynabo.org\/home\/solemnidad-de-la-asuncion-de-maria\/"},"wordCount":354,"commentCount":0,"publisher":{"@id":"https:\/\/maristasguaynabo.org\/home\/#organization"},"image":{"@id":"https:\/\/maristasguaynabo.org\/home\/solemnidad-de-la-asuncion-de-maria\/#primaryimage"},"thumbnailUrl":"https:\/\/maristasguaynabo.org\/home\/wp-content\/uploads\/2023\/08\/Tamano-NOticias.png","keywords":["admsiones","colegios","Familia","guaynabo","pastoral"],"articleSection":["Noticias"],"inLanguage":"es","potentialAction":[{"@type":"CommentAction","name":"Comment","target":["https:\/\/maristasguaynabo.org\/home\/solemnidad-de-la-asuncion-de-maria\/#respond"]}]},{"@type":"WebPage","@id":"https:\/\/maristasguaynabo.org\/home\/solemnidad-de-la-asuncion-de-maria\/","url":"https:\/\/maristasguaynabo.org\/home\/solemnidad-de-la-asuncion-de-maria\/","name":"- Colegio Marista Guaynabo","isPartOf":{"@id":"https:\/\/maristasguaynabo.org\/home\/#website"},"primaryImageOfPage":{"@id":"https:\/\/maristasguaynabo.org\/home\/solemnidad-de-la-asuncion-de-maria\/#primaryimage"},"image":{"@id":"https:\/\/maristasguaynabo.org\/home\/solemnidad-de-la-asuncion-de-maria\/#primaryimage"},"thumbnailUrl":"https:\/\/maristasguaynabo.org\/home\/wp-content\/uploads\/2023\/08\/Tamano-NOticias.png","datePublished":"2023-08-17T12:27:05+00:00","dateModified":"2023-08-17T12:27:06+00:00","description":"Mensaje de nuestro Provincial con motivo de la Solemnidad de la Asunci\u00f3n de Mar\u00eda, con el lema con Mar\u00eda llamados a la plenitud de la vida.","breadcrumb":{"@id":"https:\/\/maristasguaynabo.org\/home\/solemnidad-de-la-asuncion-de-maria\/#breadcrumb"},"inLanguage":"es","potentialAction":[{"@type":"ReadAction","target":["https:\/\/maristasguaynabo.org\/home\/solemnidad-de-la-asuncion-de-maria\/"]}]},{"@type":"ImageObject","inLanguage":"es","@id":"https:\/\/maristasguaynabo.org\/home\/solemnidad-de-la-asuncion-de-maria\/#primaryimage","url":"https:\/\/maristasguaynabo.org\/home\/wp-content\/uploads\/2023\/08\/Tamano-NOticias.png","contentUrl":"https:\/\/maristasguaynabo.org\/home\/wp-content\/uploads\/2023\/08\/Tamano-NOticias.png","width":545,"height":538},{"@type":"BreadcrumbList","@id":"https:\/\/maristasguaynabo.org\/home\/solemnidad-de-la-asuncion-de-maria\/#breadcrumb","itemListElement":[{"@type":"ListItem","position":1,"name":"Portada","item":"https:\/\/maristasguaynabo.org\/home\/"},{"@type":"ListItem","position":2,"name":"Solemnidad de la Asunci\u00f3n de Mar\u00eda"}]},{"@type":"WebSite","@id":"https:\/\/maristasguaynabo.org\/home\/#website","url":"https:\/\/maristasguaynabo.org\/home\/","name":"Colegio Marista Guaynabo","description":"","publisher":{"@id":"https:\/\/maristasguaynabo.org\/home\/#organization"},"potentialAction":[{"@type":"SearchAction","target":{"@type":"EntryPoint","urlTemplate":"https:\/\/maristasguaynabo.org\/home\/?s={search_term_string}"},"query-input":{"@type":"PropertyValueSpecification","valueRequired":true,"valueName":"search_term_string"}}],"inLanguage":"es"},{"@type":"Organization","@id":"https:\/\/maristasguaynabo.org\/home\/#organization","name":"Colegio Marista Guaynabo","url":"https:\/\/maristasguaynabo.org\/home\/","logo":{"@type":"ImageObject","inLanguage":"es","@id":"https:\/\/maristasguaynabo.org\/home\/#\/schema\/logo\/image\/","url":"https:\/\/maristasguaynabo.org\/home\/wp-content\/uploads\/2022\/08\/10_GUAYNABO_final.png","contentUrl":"https:\/\/maristasguaynabo.org\/home\/wp-content\/uploads\/2022\/08\/10_GUAYNABO_final.png","width":924,"height":177,"caption":"Colegio Marista Guaynabo"},"image":{"@id":"https:\/\/maristasguaynabo.org\/home\/#\/schema\/logo\/image\/"}},{"@type":"Person","@id":"https:\/\/maristasguaynabo.org\/home\/#\/schema\/person\/517df4e8583d8b37fdd320ed564f5f73","name":"Comunicador Colegio","image":{"@type":"ImageObject","inLanguage":"es","@id":"https:\/\/secure.gravatar.com\/avatar\/9585010c3fed7be7b101d7cc4163438acb148390a543911f8515d4558dfa5055?s=96&d=mm&r=g","url":"https:\/\/secure.gravatar.com\/avatar\/9585010c3fed7be7b101d7cc4163438acb148390a543911f8515d4558dfa5055?s=96&d=mm&r=g","contentUrl":"https:\/\/secure.gravatar.com\/avatar\/9585010c3fed7be7b101d7cc4163438acb148390a543911f8515d4558dfa5055?s=96&d=mm&r=g","caption":"Comunicador Colegio"}}]}},"_links":{"self":[{"href":"https:\/\/maristasguaynabo.org\/home\/wp-json\/wp\/v2\/posts\/4422","targetHints":{"allow":["GET"]}}],"collection":[{"href":"https:\/\/maristasguaynabo.org\/home\/wp-json\/wp\/v2\/posts"}],"about":[{"href":"https:\/\/maristasguaynabo.org\/home\/wp-json\/wp\/v2\/types\/post"}],"author":[{"embeddable":true,"href":"https:\/\/maristasguaynabo.org\/home\/wp-json\/wp\/v2\/users\/5"}],"replies":[{"embeddable":true,"href":"https:\/\/maristasguaynabo.org\/home\/wp-json\/wp\/v2\/comments?post=4422"}],"version-history":[{"count":1,"href":"https:\/\/maristasguaynabo.org\/home\/wp-json\/wp\/v2\/posts\/4422\/revisions"}],"predecessor-version":[{"id":4424,"href":"https:\/\/maristasguaynabo.org\/home\/wp-json\/wp\/v2\/posts\/4422\/revisions\/4424"}],"wp:featuredmedia":[{"embeddable":true,"href":"https:\/\/maristasguaynabo.org\/home\/wp-json\/wp\/v2\/media\/4423"}],"wp:attachment":[{"href":"https:\/\/maristasguaynabo.org\/home\/wp-json\/wp\/v2\/media?parent=4422"}],"wp:term":[{"taxonomy":"category","embeddable":true,"href":"https:\/\/maristasguaynabo.org\/home\/wp-json\/wp\/v2\/categories?post=4422"},{"taxonomy":"post_tag","embeddable":true,"href":"https:\/\/maristasguaynabo.org\/home\/wp-json\/wp\/v2\/tags?post=4422"}],"curies":[{"name":"wp","href":"https:\/\/api.w.org\/{rel}","templated":true}]}}