{"id":4327,"date":"2023-06-09T08:53:21","date_gmt":"2023-06-09T14:53:21","guid":{"rendered":"https:\/\/maristasguaynabo.org\/home\/?p=4327"},"modified":"2023-06-09T09:39:25","modified_gmt":"2023-06-09T15:39:25","slug":"primer-encuentro-pastoral-marista","status":"publish","type":"post","link":"https:\/\/maristasguaynabo.org\/home\/primer-encuentro-pastoral-marista\/","title":{"rendered":"Primer Encuentro de la Comunidad Marista de Pastoral Evangelizadora"},"content":{"rendered":"<h1><strong>Primer Encuentro de la Comunidad Marista de Pastoral Evangelizadora<\/strong><\/h1>\n<p><strong>Por: Janhir Rivera Morales<\/strong><\/p>\n<p>El pasado martes 30 de mayo de 2023 se llev\u00f3 a cabo el Primer Encuentro de la Comunidad Marista de Pastoral del Colegio Marista de Guaynabo en Puerto Rico. El mismo fue liderado por el Hermano Carlos V\u00e9lez Cacho, Presidente del Colegio y Animador de procesos evangelizadores. En su presentaci\u00f3n hizo una definici\u00f3n de lo que es la Pastoral marista y un itinerario a dos a\u00f1os para identificar espacios de crecimiento y formas de responder a ellos desde m\u00faltiples sectores\u2026<\/p>\n<p>Entre los participantes de este encuentro estaban la comunidad de Hermanos Maristas en Puerto Rico, el Consejo Educativo y miembros de la facultad, representantes de distintos grupos o movimientos dedicados a fomentar el crecimiento espiritual y pastoral de la comunidad Marista del colegio. Entre los participantes se encontraban representantes de la Junta de Padres, Exalumnos, Fraternidades, Educaci\u00f3n Religiosa Escolar, Liturgia, Movimientos Apost\u00f3licos, Scouts, Grupos de vida Marista, Sacramentos, entre otros.<\/p>\n<p>Durante la reuni\u00f3n, el equipo pastoral Marista estableci\u00f3 sus objetivos a corto y largo plazo para la consolidaci\u00f3n de esta experiencia y su pr\u00f3ximo encuentro est\u00e1 programado para el pr\u00f3ximo mes de septiembre de 2023.<\/p>\n<p><strong>&nbsp;<\/strong><\/p>\n<p><strong>&nbsp;<\/strong><\/p>\n","protected":false},"excerpt":{"rendered":"<p>El hermano Carlos R. V\u00e9lez Cacho, present\u00f3 la definici\u00f3n de lo que es la Pastoral Marista y el camino a recorrer en dos a\u00f1os.<\/p>\n","protected":false},"author":5,"featured_media":4336,"comment_status":"open","ping_status":"open","sticky":false,"template":"","format":"standard","meta":{"_monsterinsights_skip_tracking":false,"_monsterinsights_sitenote_active":false,"_monsterinsights_sitenote_note":"","_monsterinsights_sitenote_category":0,"footnotes":""},"categories":[9],"tags":[61,64,43,69,68],"class_list":["post-4327","post","type-post","status-publish","format-standard","has-post-thumbnail","hentry","category-noticias","tag-admsiones","tag-colegios","tag-familia","tag-guaynabo","tag-pastoral"],"yoast_head":"<!-- This site is optimized with the Yoast SEO plugin v27.2 - https:\/\/yoast.com\/product\/yoast-seo-wordpress\/ -->\n<title>- Colegio Marista Guaynabo<\/title>\n<meta name=\"description\" content=\"Primer Encuentro de la Comunidad Marista de Pastoral Evangelizadora en el cual se defini\u00f3 lo que ser\u00e1 la nueva Pastoral Marista y su plan.\" \/>\n<meta name=\"robots\" content=\"index, follow, max-snippet:-1, max-image-preview:large, max-video-preview:-1\" \/>\n<link rel=\"canonical\" href=\"https:\/\/maristasguaynabo.org\/home\/primer-encuentro-pastoral-marista\/\" \/>\n<meta property=\"og:locale\" content=\"es_ES\" \/>\n<meta property=\"og:type\" content=\"article\" \/>\n<meta property=\"og:title\" content=\"- Colegio Marista Guaynabo\" \/>\n<meta property=\"og:description\" content=\"Primer Encuentro de la Comunidad Marista de Pastoral Evangelizadora en el cual se defini\u00f3 lo que ser\u00e1 la nueva Pastoral Marista y su plan.\" \/>\n<meta property=\"og:url\" content=\"https:\/\/maristasguaynabo.org\/home\/primer-encuentro-pastoral-marista\/\" \/>\n<meta property=\"og:site_name\" content=\"Colegio Marista Guaynabo\" \/>\n<meta property=\"article:published_time\" content=\"2023-06-09T14:53:21+00:00\" \/>\n<meta property=\"article:modified_time\" content=\"2023-06-09T15:39:25+00:00\" \/>\n<meta property=\"og:image\" content=\"https:\/\/maristasguaynabo.org\/home\/wp-content\/uploads\/2023\/06\/Cute-Mothers-Day-Three-Photo-Collage-5.png\" \/>\n\t<meta property=\"og:image:width\" content=\"545\" \/>\n\t<meta property=\"og:image:height\" content=\"538\" \/>\n\t<meta property=\"og:image:type\" content=\"image\/png\" \/>\n<meta name=\"author\" content=\"Comunicador Colegio\" \/>\n<meta name=\"twitter:card\" content=\"summary_large_image\" \/>\n<meta name=\"twitter:label1\" content=\"Escrito por\" \/>\n\t<meta name=\"twitter:data1\" content=\"Comunicador Colegio\" \/>\n\t<meta name=\"twitter:label2\" content=\"Tiempo de lectura\" \/>\n\t<meta name=\"twitter:data2\" content=\"1 minuto\" \/>\n<script type=\"application\/ld+json\" class=\"yoast-schema-graph\">{\"@context\":\"https:\/\/schema.org\",\"@graph\":[{\"@type\":\"Article\",\"@id\":\"https:\/\/maristasguaynabo.org\/home\/primer-encuentro-pastoral-marista\/#article\",\"isPartOf\":{\"@id\":\"https:\/\/maristasguaynabo.org\/home\/primer-encuentro-pastoral-marista\/\"},\"author\":{\"name\":\"Comunicador Colegio\",\"@id\":\"https:\/\/maristasguaynabo.org\/home\/#\/schema\/person\/517df4e8583d8b37fdd320ed564f5f73\"},\"headline\":\"Primer Encuentro de la Comunidad Marista de Pastoral Evangelizadora\",\"datePublished\":\"2023-06-09T14:53:21+00:00\",\"dateModified\":\"2023-06-09T15:39:25+00:00\",\"mainEntityOfPage\":{\"@id\":\"https:\/\/maristasguaynabo.org\/home\/primer-encuentro-pastoral-marista\/\"},\"wordCount\":217,\"commentCount\":0,\"publisher\":{\"@id\":\"https:\/\/maristasguaynabo.org\/home\/#organization\"},\"image\":{\"@id\":\"https:\/\/maristasguaynabo.org\/home\/primer-encuentro-pastoral-marista\/#primaryimage\"},\"thumbnailUrl\":\"https:\/\/maristasguaynabo.org\/home\/wp-content\/uploads\/2023\/06\/Cute-Mothers-Day-Three-Photo-Collage-5.png\",\"keywords\":[\"admsiones\",\"colegios\",\"Familia\",\"guaynabo\",\"pastoral\"],\"articleSection\":[\"Noticias\"],\"inLanguage\":\"es\",\"potentialAction\":[{\"@type\":\"CommentAction\",\"name\":\"Comment\",\"target\":[\"https:\/\/maristasguaynabo.org\/home\/primer-encuentro-pastoral-marista\/#respond\"]}]},{\"@type\":\"WebPage\",\"@id\":\"https:\/\/maristasguaynabo.org\/home\/primer-encuentro-pastoral-marista\/\",\"url\":\"https:\/\/maristasguaynabo.org\/home\/primer-encuentro-pastoral-marista\/\",\"name\":\"- Colegio Marista Guaynabo\",\"isPartOf\":{\"@id\":\"https:\/\/maristasguaynabo.org\/home\/#website\"},\"primaryImageOfPage\":{\"@id\":\"https:\/\/maristasguaynabo.org\/home\/primer-encuentro-pastoral-marista\/#primaryimage\"},\"image\":{\"@id\":\"https:\/\/maristasguaynabo.org\/home\/primer-encuentro-pastoral-marista\/#primaryimage\"},\"thumbnailUrl\":\"https:\/\/maristasguaynabo.org\/home\/wp-content\/uploads\/2023\/06\/Cute-Mothers-Day-Three-Photo-Collage-5.png\",\"datePublished\":\"2023-06-09T14:53:21+00:00\",\"dateModified\":\"2023-06-09T15:39:25+00:00\",\"description\":\"Primer Encuentro de la Comunidad Marista de Pastoral Evangelizadora en el cual se defini\u00f3 lo que ser\u00e1 la nueva Pastoral Marista y su plan.\",\"breadcrumb\":{\"@id\":\"https:\/\/maristasguaynabo.org\/home\/primer-encuentro-pastoral-marista\/#breadcrumb\"},\"inLanguage\":\"es\",\"potentialAction\":[{\"@type\":\"ReadAction\",\"target\":[\"https:\/\/maristasguaynabo.org\/home\/primer-encuentro-pastoral-marista\/\"]}]},{\"@type\":\"ImageObject\",\"inLanguage\":\"es\",\"@id\":\"https:\/\/maristasguaynabo.org\/home\/primer-encuentro-pastoral-marista\/#primaryimage\",\"url\":\"https:\/\/maristasguaynabo.org\/home\/wp-content\/uploads\/2023\/06\/Cute-Mothers-Day-Three-Photo-Collage-5.png\",\"contentUrl\":\"https:\/\/maristasguaynabo.org\/home\/wp-content\/uploads\/2023\/06\/Cute-Mothers-Day-Three-Photo-Collage-5.png\",\"width\":545,\"height\":538},{\"@type\":\"BreadcrumbList\",\"@id\":\"https:\/\/maristasguaynabo.org\/home\/primer-encuentro-pastoral-marista\/#breadcrumb\",\"itemListElement\":[{\"@type\":\"ListItem\",\"position\":1,\"name\":\"Portada\",\"item\":\"https:\/\/maristasguaynabo.org\/home\/\"},{\"@type\":\"ListItem\",\"position\":2,\"name\":\"Primer Encuentro de la Comunidad Marista de Pastoral Evangelizadora\"}]},{\"@type\":\"WebSite\",\"@id\":\"https:\/\/maristasguaynabo.org\/home\/#website\",\"url\":\"https:\/\/maristasguaynabo.org\/home\/\",\"name\":\"Colegio Marista Guaynabo\",\"description\":\"\",\"publisher\":{\"@id\":\"https:\/\/maristasguaynabo.org\/home\/#organization\"},\"potentialAction\":[{\"@type\":\"SearchAction\",\"target\":{\"@type\":\"EntryPoint\",\"urlTemplate\":\"https:\/\/maristasguaynabo.org\/home\/?s={search_term_string}\"},\"query-input\":{\"@type\":\"PropertyValueSpecification\",\"valueRequired\":true,\"valueName\":\"search_term_string\"}}],\"inLanguage\":\"es\"},{\"@type\":\"Organization\",\"@id\":\"https:\/\/maristasguaynabo.org\/home\/#organization\",\"name\":\"Colegio Marista Guaynabo\",\"url\":\"https:\/\/maristasguaynabo.org\/home\/\",\"logo\":{\"@type\":\"ImageObject\",\"inLanguage\":\"es\",\"@id\":\"https:\/\/maristasguaynabo.org\/home\/#\/schema\/logo\/image\/\",\"url\":\"https:\/\/maristasguaynabo.org\/home\/wp-content\/uploads\/2022\/08\/10_GUAYNABO_final.png\",\"contentUrl\":\"https:\/\/maristasguaynabo.org\/home\/wp-content\/uploads\/2022\/08\/10_GUAYNABO_final.png\",\"width\":924,\"height\":177,\"caption\":\"Colegio Marista Guaynabo\"},\"image\":{\"@id\":\"https:\/\/maristasguaynabo.org\/home\/#\/schema\/logo\/image\/\"}},{\"@type\":\"Person\",\"@id\":\"https:\/\/maristasguaynabo.org\/home\/#\/schema\/person\/517df4e8583d8b37fdd320ed564f5f73\",\"name\":\"Comunicador Colegio\",\"image\":{\"@type\":\"ImageObject\",\"inLanguage\":\"es\",\"@id\":\"https:\/\/secure.gravatar.com\/avatar\/9585010c3fed7be7b101d7cc4163438acb148390a543911f8515d4558dfa5055?s=96&d=mm&r=g\",\"url\":\"https:\/\/secure.gravatar.com\/avatar\/9585010c3fed7be7b101d7cc4163438acb148390a543911f8515d4558dfa5055?s=96&d=mm&r=g\",\"contentUrl\":\"https:\/\/secure.gravatar.com\/avatar\/9585010c3fed7be7b101d7cc4163438acb148390a543911f8515d4558dfa5055?s=96&d=mm&r=g\",\"caption\":\"Comunicador Colegio\"}}]}<\/script>\n<!-- \/ Yoast SEO plugin. -->","yoast_head_json":{"title":"- Colegio Marista Guaynabo","description":"Primer Encuentro de la Comunidad Marista de Pastoral Evangelizadora en el cual se defini\u00f3 lo que ser\u00e1 la nueva Pastoral Marista y su plan.","robots":{"index":"index","follow":"follow","max-snippet":"max-snippet:-1","max-image-preview":"max-image-preview:large","max-video-preview":"max-video-preview:-1"},"canonical":"https:\/\/maristasguaynabo.org\/home\/primer-encuentro-pastoral-marista\/","og_locale":"es_ES","og_type":"article","og_title":"- Colegio Marista Guaynabo","og_description":"Primer Encuentro de la Comunidad Marista de Pastoral Evangelizadora en el cual se defini\u00f3 lo que ser\u00e1 la nueva Pastoral Marista y su plan.","og_url":"https:\/\/maristasguaynabo.org\/home\/primer-encuentro-pastoral-marista\/","og_site_name":"Colegio Marista Guaynabo","article_published_time":"2023-06-09T14:53:21+00:00","article_modified_time":"2023-06-09T15:39:25+00:00","og_image":[{"width":545,"height":538,"url":"https:\/\/maristasguaynabo.org\/home\/wp-content\/uploads\/2023\/06\/Cute-Mothers-Day-Three-Photo-Collage-5.png","type":"image\/png"}],"author":"Comunicador Colegio","twitter_card":"summary_large_image","twitter_misc":{"Escrito por":"Comunicador Colegio","Tiempo de lectura":"1 minuto"},"schema":{"@context":"https:\/\/schema.org","@graph":[{"@type":"Article","@id":"https:\/\/maristasguaynabo.org\/home\/primer-encuentro-pastoral-marista\/#article","isPartOf":{"@id":"https:\/\/maristasguaynabo.org\/home\/primer-encuentro-pastoral-marista\/"},"author":{"name":"Comunicador Colegio","@id":"https:\/\/maristasguaynabo.org\/home\/#\/schema\/person\/517df4e8583d8b37fdd320ed564f5f73"},"headline":"Primer Encuentro de la Comunidad Marista de Pastoral Evangelizadora","datePublished":"2023-06-09T14:53:21+00:00","dateModified":"2023-06-09T15:39:25+00:00","mainEntityOfPage":{"@id":"https:\/\/maristasguaynabo.org\/home\/primer-encuentro-pastoral-marista\/"},"wordCount":217,"commentCount":0,"publisher":{"@id":"https:\/\/maristasguaynabo.org\/home\/#organization"},"image":{"@id":"https:\/\/maristasguaynabo.org\/home\/primer-encuentro-pastoral-marista\/#primaryimage"},"thumbnailUrl":"https:\/\/maristasguaynabo.org\/home\/wp-content\/uploads\/2023\/06\/Cute-Mothers-Day-Three-Photo-Collage-5.png","keywords":["admsiones","colegios","Familia","guaynabo","pastoral"],"articleSection":["Noticias"],"inLanguage":"es","potentialAction":[{"@type":"CommentAction","name":"Comment","target":["https:\/\/maristasguaynabo.org\/home\/primer-encuentro-pastoral-marista\/#respond"]}]},{"@type":"WebPage","@id":"https:\/\/maristasguaynabo.org\/home\/primer-encuentro-pastoral-marista\/","url":"https:\/\/maristasguaynabo.org\/home\/primer-encuentro-pastoral-marista\/","name":"- Colegio Marista Guaynabo","isPartOf":{"@id":"https:\/\/maristasguaynabo.org\/home\/#website"},"primaryImageOfPage":{"@id":"https:\/\/maristasguaynabo.org\/home\/primer-encuentro-pastoral-marista\/#primaryimage"},"image":{"@id":"https:\/\/maristasguaynabo.org\/home\/primer-encuentro-pastoral-marista\/#primaryimage"},"thumbnailUrl":"https:\/\/maristasguaynabo.org\/home\/wp-content\/uploads\/2023\/06\/Cute-Mothers-Day-Three-Photo-Collage-5.png","datePublished":"2023-06-09T14:53:21+00:00","dateModified":"2023-06-09T15:39:25+00:00","description":"Primer Encuentro de la Comunidad Marista de Pastoral Evangelizadora en el cual se defini\u00f3 lo que ser\u00e1 la nueva Pastoral Marista y su plan.","breadcrumb":{"@id":"https:\/\/maristasguaynabo.org\/home\/primer-encuentro-pastoral-marista\/#breadcrumb"},"inLanguage":"es","potentialAction":[{"@type":"ReadAction","target":["https:\/\/maristasguaynabo.org\/home\/primer-encuentro-pastoral-marista\/"]}]},{"@type":"ImageObject","inLanguage":"es","@id":"https:\/\/maristasguaynabo.org\/home\/primer-encuentro-pastoral-marista\/#primaryimage","url":"https:\/\/maristasguaynabo.org\/home\/wp-content\/uploads\/2023\/06\/Cute-Mothers-Day-Three-Photo-Collage-5.png","contentUrl":"https:\/\/maristasguaynabo.org\/home\/wp-content\/uploads\/2023\/06\/Cute-Mothers-Day-Three-Photo-Collage-5.png","width":545,"height":538},{"@type":"BreadcrumbList","@id":"https:\/\/maristasguaynabo.org\/home\/primer-encuentro-pastoral-marista\/#breadcrumb","itemListElement":[{"@type":"ListItem","position":1,"name":"Portada","item":"https:\/\/maristasguaynabo.org\/home\/"},{"@type":"ListItem","position":2,"name":"Primer Encuentro de la Comunidad Marista de Pastoral Evangelizadora"}]},{"@type":"WebSite","@id":"https:\/\/maristasguaynabo.org\/home\/#website","url":"https:\/\/maristasguaynabo.org\/home\/","name":"Colegio Marista Guaynabo","description":"","publisher":{"@id":"https:\/\/maristasguaynabo.org\/home\/#organization"},"potentialAction":[{"@type":"SearchAction","target":{"@type":"EntryPoint","urlTemplate":"https:\/\/maristasguaynabo.org\/home\/?s={search_term_string}"},"query-input":{"@type":"PropertyValueSpecification","valueRequired":true,"valueName":"search_term_string"}}],"inLanguage":"es"},{"@type":"Organization","@id":"https:\/\/maristasguaynabo.org\/home\/#organization","name":"Colegio Marista Guaynabo","url":"https:\/\/maristasguaynabo.org\/home\/","logo":{"@type":"ImageObject","inLanguage":"es","@id":"https:\/\/maristasguaynabo.org\/home\/#\/schema\/logo\/image\/","url":"https:\/\/maristasguaynabo.org\/home\/wp-content\/uploads\/2022\/08\/10_GUAYNABO_final.png","contentUrl":"https:\/\/maristasguaynabo.org\/home\/wp-content\/uploads\/2022\/08\/10_GUAYNABO_final.png","width":924,"height":177,"caption":"Colegio Marista Guaynabo"},"image":{"@id":"https:\/\/maristasguaynabo.org\/home\/#\/schema\/logo\/image\/"}},{"@type":"Person","@id":"https:\/\/maristasguaynabo.org\/home\/#\/schema\/person\/517df4e8583d8b37fdd320ed564f5f73","name":"Comunicador Colegio","image":{"@type":"ImageObject","inLanguage":"es","@id":"https:\/\/secure.gravatar.com\/avatar\/9585010c3fed7be7b101d7cc4163438acb148390a543911f8515d4558dfa5055?s=96&d=mm&r=g","url":"https:\/\/secure.gravatar.com\/avatar\/9585010c3fed7be7b101d7cc4163438acb148390a543911f8515d4558dfa5055?s=96&d=mm&r=g","contentUrl":"https:\/\/secure.gravatar.com\/avatar\/9585010c3fed7be7b101d7cc4163438acb148390a543911f8515d4558dfa5055?s=96&d=mm&r=g","caption":"Comunicador Colegio"}}]}},"_links":{"self":[{"href":"https:\/\/maristasguaynabo.org\/home\/wp-json\/wp\/v2\/posts\/4327","targetHints":{"allow":["GET"]}}],"collection":[{"href":"https:\/\/maristasguaynabo.org\/home\/wp-json\/wp\/v2\/posts"}],"about":[{"href":"https:\/\/maristasguaynabo.org\/home\/wp-json\/wp\/v2\/types\/post"}],"author":[{"embeddable":true,"href":"https:\/\/maristasguaynabo.org\/home\/wp-json\/wp\/v2\/users\/5"}],"replies":[{"embeddable":true,"href":"https:\/\/maristasguaynabo.org\/home\/wp-json\/wp\/v2\/comments?post=4327"}],"version-history":[{"count":7,"href":"https:\/\/maristasguaynabo.org\/home\/wp-json\/wp\/v2\/posts\/4327\/revisions"}],"predecessor-version":[{"id":4337,"href":"https:\/\/maristasguaynabo.org\/home\/wp-json\/wp\/v2\/posts\/4327\/revisions\/4337"}],"wp:featuredmedia":[{"embeddable":true,"href":"https:\/\/maristasguaynabo.org\/home\/wp-json\/wp\/v2\/media\/4336"}],"wp:attachment":[{"href":"https:\/\/maristasguaynabo.org\/home\/wp-json\/wp\/v2\/media?parent=4327"}],"wp:term":[{"taxonomy":"category","embeddable":true,"href":"https:\/\/maristasguaynabo.org\/home\/wp-json\/wp\/v2\/categories?post=4327"},{"taxonomy":"post_tag","embeddable":true,"href":"https:\/\/maristasguaynabo.org\/home\/wp-json\/wp\/v2\/tags?post=4327"}],"curies":[{"name":"wp","href":"https:\/\/api.w.org\/{rel}","templated":true}]}}